{"id":8331,"date":"2021-11-18T13:14:57","date_gmt":"2021-11-18T11:14:57","guid":{"rendered":"https:\/\/profesionalesdanza.com\/?p=8331"},"modified":"2023-05-16T16:53:55","modified_gmt":"2023-05-16T14:53:55","slug":"pocs-dies-per-a-la-iv-festa-dels-premis-apdcv-2","status":"publish","type":"post","link":"https:\/\/profesionalesdanza.com\/es\/pocs-dies-per-a-la-iv-festa-dels-premis-apdcv-2\/","title":{"rendered":"POCS DIES PER A LA IV FESTA DELS PREMIS APDCV"},"content":{"rendered":"<h2 class=\"p1\" style=\"text-align: center;\"><span class=\"s1\">JA EST\u00c0 AC\u00cd LA FESTA DELS PREMIS <\/span><\/h2>\n<h3 class=\"p2\" style=\"text-align: center;\"><strong><span class=\"s1\">GEMA GISBERT PREMI A LA TRAJECT\u00d2RIA DESTACADA <\/span><\/strong><\/h3>\n<h3 class=\"p3\" style=\"text-align: center;\"><strong><span class=\"s1\">23 de novembre a la Mutant<\/span><\/strong><\/h3>\n<p>&nbsp;<\/p>\n<p><img loading=\"lazy\" decoding=\"async\" class=\"size-medium wp-image-8327 aligncenter\" src=\"https:\/\/profesionalesdanza.com\/wp-content\/uploads\/2021\/11\/WhatsApp-Image-2021-11-15-at-16.19.38-300x300.jpeg\" alt=\"\" width=\"300\" height=\"300\" \/><\/p>\n<p class=\"p5\"><span class=\"s1\">Estem ja a pocs dies de IV FESTA DELS PREMIS organitzada per l\u2019Associaci\u00f3 Valenciana de Professionals de la Dansa de la Comunitat Valenciana. <\/span><\/p>\n<p class=\"p5\"><span class=\"s1\">La Festa dels Premis APDCV \u00e9s una celebraci\u00f3 que ens permet reunir-nos i gaudir d\u2019estar juntes, uns premis que s\u00f3n votats pels socis i socies, uns premis que pretenen recon\u00e8ixer\u00a0el\u00a0treball\u00a0dels i\u00a0els\u00a0professionals\u00a0de la\u00a0dansa\u00a0valenciana. <\/span><\/p>\n<p class=\"p5\"><span class=\"s1\"><b>DANSAR\u00a0EN\u00a0XARXA, JUNTES \u00a0I\u00a0NOVES\u00a0CATEGORIES<\/b><\/span><\/p>\n<p class=\"p5\"><span class=\"s1\">Dansar en xarxa \u00e9s el lema triat per a aquesta IV edici\u00f3 dels premis. El treball de l\u2019Associaci\u00f3<span class=\"Apple-converted-space\">\u00a0 <\/span>durant la pand\u00e8mia fins al moment ha estat fren\u00e8tic, treballant a nivell local, auton\u00f2mic i estatal pel professional de la dansa i per la seva dif\u00edcil realitat. El treball en xarxa al costat de diferents<span class=\"Apple-converted-space\">\u00a0 <\/span>agents que conformen aquest teixit associatiu ha estat i \u00e9s crucial per a continuar avan\u00e7ant i aconseguir canvis juntes.<\/span><\/p>\n<p class=\"p5\"><span class=\"s1\">La\u00a0direcci\u00f3\u00a0dels\u00a0premis\u00a0d\u2019enguany\u00a0est\u00e0\u00a0a\u00a0c\u00e0rrec\u00a0de Santi de la Fuente al\u00a0costat\u00a0del col\u00b7lectiu\u00a0LES JUNTES. Estan treballant en aquesta gala en el qual l&#8217;objectiu com el seu mateix nom indica\u00a0\u00e9s\u00a0estar juntes i passar-s&#8217;ho b\u00e9. No us podeu perdre aquesta gala que estar\u00e0 plena de color, purpurina i moltes sorpreses.<\/span><\/p>\n<p class=\"p5\"><span class=\"s1\">Enguany el cartell ha sigut creat per Pepin Zurriaga (@pepin_produce), dissenyador creatiu que treballa amb companyies de Dansa i espais esc\u00e8nics. Un cartell on es veu l\u2019ess\u00e8ncia dels premis i del treball en xarxa. <\/span><\/p>\n<p class=\"p5\"><span class=\"s1\">Una altra de les novetats d\u2019enguany s\u00f3n les noves dues categories d\u2019aquests premis: projecte social destacat i premi pedag\u00f2gic destacat. Aquests projectes s\u00f3n indicadors de la potencialitat de la dansa, del seu abast i de la necessitat d\u2019arribar a nous contextos m\u00e9s enll\u00e0 l\u2019espai d\u2019exhibici\u00f3. El potencial transformador de la dansa com a eina de canvi es posa en manifest en aquests premis 2021.<\/span><\/p>\n<p class=\"p5\"><span class=\"s1\">Per tant enguany seran 6 les categories que presenten aquests premis. creador\/a destacada, int\u00e8rpret destacada, docent destacada, investigadora destacada projecte social destacat, I projecte pedag\u00f2gic destacat.<\/span><\/p>\n<p class=\"p5\"><span class=\"s1\"><b>GEMA GISBERT PREMI A LA TRAJECT\u00d2RIA DESTACADA <\/b><\/span><\/p>\n<p class=\"p5\"><span class=\"s1\">A m\u00e9s, en aquesta edici\u00f3 tamb\u00e9 es comptar\u00e0 amb un set\u00e8 premi en el qual es valorar\u00e0 la traject\u00f2ria. <\/span><\/p>\n<p class=\"p5\"><span class=\"s1\">La Junta Directiva de l\u2019APDCV ha decidit donar enguany el premi a la traject\u00f2ria a Gema Gisbert Huerta per la seva labor al capdavant del Centre Caterina i el seu treball a trav\u00e9s de la Dansa per a la Inclusi\u00f3 de persones amb discapacitat f\u00edsica i intel\u00b7lectual. El premi s&#8217;atorga per la seva destacada sensibilitat i respecte en l&#8217;enfocament pedag\u00f2gic, la seva apel\u00b7laci\u00f3 al moviment, el contacte i la creativitat com a generadors de vincles i est\u00edmuls i per la creaci\u00f3 de la seva metodologia, <i>Tiempo de la Espera<\/i>, en refer\u00e8ncia a una actitud pedag\u00f2gica oposada a la cultura dels resultats, les presses i l&#8217;exig\u00e8ncia.<\/span><\/p>\n<p class=\"p5\"><span class=\"s1\"><b>NOMINACIONS <\/b><\/span><\/p>\n<p class=\"p5\"><span class=\"s1\">En les nominacions d\u2019engunay trobem una representativitat clara de la dansa valenciana actual. Unes nominacions on podem vore a professionals amb diferents traject\u00f2ries, estils i \u00e1mbits d\u2019acci\u00f3. <\/span><\/p>\n<p class=\"p5\"><span class=\"s1\">Les nominades s\u00f3n: <\/span><\/p>\n<p class=\"p5\"><span class=\"s1\">En la categoria int\u00e8rpret destacada estan Carmela Garc\u00eda per la Mort i la Donzella, Paula Romero pel Conte de Pers\u00e8polis, Wilma Puentes per Fake Life i Eduardo Zu\u00f1iga per la Mort i la Donzella. En la categoria creadora destacada t\u00e9 una doble nominaci\u00f3 Asun Noales per la Mort i la Donzella i per Vigor Mortis, Sandra G\u00f3mez per Bailar el Sonido, Tatiana Clavel i Ra\u00fal Le\u00f3n pel Conte de Pers\u00e8polis, Paula Serrano per Antes de que todos los sepan, Gustavo Ram\u00edrez y Viviana Escale por Soledad i Julia Irango per la Tragedia no es pa tanto.<\/span><\/p>\n<p class=\"p5\"><span class=\"s1\">Com a investigadora destacada estan nominades Carmen Gim\u00e9nez Morte, Rosario Rodr\u00edguez,\u00a0Dolma\u00a0Jover i Carolina Boluda i en la categoria de docent destacada s\u00f3n Mamen Garc\u00eda, Eva Bertomeu, Paco\u00a0Bod\u00ed, Santi de la Fuente, Rosa Mar\u00eda Folgado,\u00a0Carmela\u00a0Garc\u00eda i\u00a0Noe\u00a0Arcos les nominades.<\/span><\/p>\n<p class=\"p5\"><span class=\"s1\">Les noves categories v\u00e9nen plenes de projectes amb traject\u00f2ria i reconeixement. En la\u00a0categoria\u00a0de projecte social destacat comparteixen nominaci\u00f3 Cristina Puchades i Alicia Herrero amb la\u00a0Dansa\u00a0compartida amb malaltia mental, de\u00a0Institut\u00a0de\u00a0dansa\u00a0educocreativa\u00a0i\u00a0Acofem\u00a0X\u00e0tiva, Esther\u00a0Mortes\u00a0amb el seu projecte Ballet VAL+, Eva Moreno per<span class=\"Apple-converted-space\">\u00a0 <\/span>A QUELAR\u00a0CABANYAL,\u00a0Noe\u00a0Arcos i Marta Garc\u00eda amb el seu projecte O_O, Gema\u00a0Gibert\u00a0per Centre Caterina i finalment Virginia\u00a0Lagarza\u00a0i Aurora\u00a0Diago\u00a0amb el projecte\u00a0Mobilitats\u00a0Diverses.<\/span><\/p>\n<p class=\"p5\"><span class=\"s1\">Els projectes pedag\u00f2gics nominats s\u00f3n:\u00a0Babiesonly\u00a0del Paula dels\u00a0Arts\u00a0i l\u2019institut\u00a0de\u00a0dansa\u00a0educocreativa\u00a0i social (IDES)\u00a0d\u2019Alicia Herrero, Val\u00e8ncia\u00a0Dancing\u00a0Forward,\u00a0FIC\u00a0EBC\u00a0d\u2019Eva Bertomeu, Projecte\u00a0GO\u00a0OD\u00a0d\u2019Una altra Dansa,\u00a0Dansa\u00a0i No\u00a0G\u00e8nere,\u00a0cos\u00a0i\u00a0espai\u00a0de Marta Garc\u00eda i Manuel\u00a0Caldito\u00a0i La\u00a0Jove\u00a0Companyia\u00a0Gerard\u00a0Collins\u00a0de\u00a0Mamen\u00a0Garc\u00eda.<\/span><\/p>\n<p class=\"p5\"><span class=\"s1\"><b>CORRE A PER LA TEUA INVITACI\u00d3 <\/b><\/span><\/p>\n<p class=\"p5\"><span class=\"s1\">La festa ser\u00e0 el dimarts 23 a les 20 hores. Encara que obrirem portes a les 19 per a comen\u00e7ar a fer xarxa. <\/span><\/p>\n<p class=\"p5\"><span class=\"s1\">Pots agafar la teua a invitaci\u00f3 gratu\u00efta a la web de la Mutant. <\/span><\/p>\n<p class=\"p5\"><span class=\"s1\">\u00a1T\u2019esperem! <\/span><\/p>\n<p class=\"p5\"><strong><a href=\"https:\/\/lamutant.taquillaunica.es\/Eventos\/VerEvento.aspx?idEvento=179\" target=\"_blank\" rel=\"noopener\"><span class=\"s1\">LINK ENTRADES<\/span><\/a><\/strong><\/p>\n","protected":false},"excerpt":{"rendered":"<p>JA EST\u00c0 AC\u00cd LA FESTA DELS PREMIS GEMA GISBERT PREMI A LA TRAJECT\u00d2RIA DESTACADA 23 de novembre a la Mutant &nbsp; Estem ja a pocs dies de IV FESTA DELS [&hellip;]<\/p>\n","protected":false},"author":351,"featured_media":8205,"comment_status":"closed","ping_status":"closed","sticky":false,"template":"","format":"standard","meta":{"_acf_changed":false,"_et_pb_use_builder":"","_et_pb_old_content":"","_et_gb_content_width":"","footnotes":""},"categories":[136,98],"tags":[],"class_list":["post-8331","post","type-post","status-publish","format-standard","has-post-thumbnail","hentry","category-premios-apdcv","category-proyectos"],"acf":[],"_links":{"self":[{"href":"https:\/\/profesionalesdanza.com\/es\/wp-json\/wp\/v2\/posts\/8331","targetHints":{"allow":["GET"]}}],"collection":[{"href":"https:\/\/profesionalesdanza.com\/es\/wp-json\/wp\/v2\/posts"}],"about":[{"href":"https:\/\/profesionalesdanza.com\/es\/wp-json\/wp\/v2\/types\/post"}],"author":[{"embeddable":true,"href":"https:\/\/profesionalesdanza.com\/es\/wp-json\/wp\/v2\/users\/351"}],"replies":[{"embeddable":true,"href":"https:\/\/profesionalesdanza.com\/es\/wp-json\/wp\/v2\/comments?post=8331"}],"version-history":[{"count":1,"href":"https:\/\/profesionalesdanza.com\/es\/wp-json\/wp\/v2\/posts\/8331\/revisions"}],"predecessor-version":[{"id":8332,"href":"https:\/\/profesionalesdanza.com\/es\/wp-json\/wp\/v2\/posts\/8331\/revisions\/8332"}],"wp:featuredmedia":[{"embeddable":true,"href":"https:\/\/profesionalesdanza.com\/es\/wp-json\/wp\/v2\/media\/8205"}],"wp:attachment":[{"href":"https:\/\/profesionalesdanza.com\/es\/wp-json\/wp\/v2\/media?parent=8331"}],"wp:term":[{"taxonomy":"category","embeddable":true,"href":"https:\/\/profesionalesdanza.com\/es\/wp-json\/wp\/v2\/categories?post=8331"},{"taxonomy":"post_tag","embeddable":true,"href":"https:\/\/profesionalesdanza.com\/es\/wp-json\/wp\/v2\/tags?post=8331"}],"curies":[{"name":"wp","href":"https:\/\/api.w.org\/{rel}","templated":true}]}}