{"id":8188,"date":"2021-10-13T12:50:07","date_gmt":"2021-10-13T10:50:07","guid":{"rendered":"https:\/\/profesionalesdanza.com\/?p=8188"},"modified":"2023-11-13T20:03:15","modified_gmt":"2023-11-13T19:03:15","slug":"xiv-jornades-academic-professionals-de-la-salut-en-dansa-2","status":"publish","type":"post","link":"https:\/\/profesionalesdanza.com\/es\/xiv-jornades-academic-professionals-de-la-salut-en-dansa-2\/","title":{"rendered":"XIV JORNADES ACAD\u00c8MIC-PROFESSIONALS DE LA SALUT EN DANSA"},"content":{"rendered":"<h2 style=\"text-align: center;\"><strong>XIV JORNADES ACAD\u00c8MIC-PROFESSIONALS DE LA SALUT EN DANSA<\/strong><\/h2>\n<h3 style=\"text-align: center;\"><strong><span class=\"JsGRdQ\">Trobada entre centres d&#8217;Ensenyaments Superiors i del sector <\/span><\/strong><\/h3>\n<h3 style=\"text-align: center;\"><strong><span class=\"JsGRdQ\">professional de la dansa.\u00a0<\/span><\/strong><\/h3>\n<p>&nbsp;<\/p>\n<p><img loading=\"lazy\" decoding=\"async\" class=\"size-medium wp-image-8190 aligncenter\" src=\"https:\/\/profesionalesdanza.com\/wp-content\/uploads\/2021\/10\/Copia-de-Azul-Blanco-Foto-Cartel-de-Conferencia-Po\u0301ster-12-212x300.png\" alt=\"\" width=\"212\" height=\"300\" srcset=\"https:\/\/profesionalesdanza.com\/wp-content\/uploads\/2021\/10\/Copia-de-Azul-Blanco-Foto-Cartel-de-Conferencia-Po\u0301ster-12-212x300.png 212w, https:\/\/profesionalesdanza.com\/wp-content\/uploads\/2021\/10\/Copia-de-Azul-Blanco-Foto-Cartel-de-Conferencia-Po\u0301ster-12-724x1024.png 724w, https:\/\/profesionalesdanza.com\/wp-content\/uploads\/2021\/10\/Copia-de-Azul-Blanco-Foto-Cartel-de-Conferencia-Po\u0301ster-12-768x1086.png 768w, https:\/\/profesionalesdanza.com\/wp-content\/uploads\/2021\/10\/Copia-de-Azul-Blanco-Foto-Cartel-de-Conferencia-Po\u0301ster-12-1086x1536.png 1086w, https:\/\/profesionalesdanza.com\/wp-content\/uploads\/2021\/10\/Copia-de-Azul-Blanco-Foto-Cartel-de-Conferencia-Po\u0301ster-12-1448x2048.png 1448w, https:\/\/profesionalesdanza.com\/wp-content\/uploads\/2021\/10\/Copia-de-Azul-Blanco-Foto-Cartel-de-Conferencia-Po\u0301ster-12-1080x1528.png 1080w, https:\/\/profesionalesdanza.com\/wp-content\/uploads\/2021\/10\/Copia-de-Azul-Blanco-Foto-Cartel-de-Conferencia-Po\u0301ster-12-1280x1811.png 1280w, https:\/\/profesionalesdanza.com\/wp-content\/uploads\/2021\/10\/Copia-de-Azul-Blanco-Foto-Cartel-de-Conferencia-Po\u0301ster-12-980x1386.png 980w, https:\/\/profesionalesdanza.com\/wp-content\/uploads\/2021\/10\/Copia-de-Azul-Blanco-Foto-Cartel-de-Conferencia-Po\u0301ster-12-480x679.png 480w, https:\/\/profesionalesdanza.com\/wp-content\/uploads\/2021\/10\/Copia-de-Azul-Blanco-Foto-Cartel-de-Conferencia-Po\u0301ster-12.png 1587w\" sizes=\"(max-width: 212px) 100vw, 212px\" \/><\/p>\n<p>&nbsp;<\/p>\n<p>Estem molt felices de presentar-vos les\u00a0<strong>XIV\u00a0JORNADES\u00a0ACAD\u00c8MIC-<wbr \/>PROFESSIONALS\u00a0DE LA\u00a0SALUT\u00a0EN\u00a0DANSA<\/strong>. Unes\u00a0jornades, que s\u00f3n part fonamental de la programaci\u00f3 anual de l&#8217;Associaci\u00f3. Enguany li dediquem el mes d&#8217;octubre a la salut en dansa i aquestes jornades creades al costat del\u00a0ISEACV\u00a0i el\u00a0CSDV\u00a0donen resposta a una realitat de molts professionals de la dansa que treballen dia a dia en contextos socials, acad\u00e8mics i comunitaris.<\/p>\n<p>Us adjuntem tota la programaci\u00f3, dividida en dues jornades; la jornada del divendres centrada en l&#8217;\u00e0mbit acad\u00e8mic i la jornada del dissabte centrada en l&#8217;\u00e0mbit professional.<\/p>\n<p>&nbsp;<\/p>\n<h4 style=\"text-align: center;\"><a href=\"https:\/\/profesionalesdanza.com\/wp-content\/uploads\/2021\/10\/XIV-JORNADAS-encontre-acade\u0300mic_professional-SALUD-EN-DANSA-1.pdf\">PROGRAMACI\u00d3<\/a><\/h4>\n","protected":false},"excerpt":{"rendered":"<p>XIV JORNADES ACAD\u00c8MIC-PROFESSIONALS DE LA SALUT EN DANSA Trobada entre centres d&#8217;Ensenyaments Superiors i del sector professional de la dansa.\u00a0 &nbsp; &nbsp; Estem molt felices de presentar-vos les\u00a0XIV\u00a0JORNADES\u00a0ACAD\u00c8MIC-PROFESSIONALS\u00a0DE LA\u00a0SALUT\u00a0EN\u00a0DANSA. Unes\u00a0jornades, [&hellip;]<\/p>\n","protected":false},"author":351,"featured_media":8190,"comment_status":"closed","ping_status":"closed","sticky":false,"template":"","format":"standard","meta":{"_acf_changed":false,"_et_pb_use_builder":"","_et_pb_old_content":"","_et_gb_content_width":"","footnotes":""},"categories":[98],"tags":[],"class_list":["post-8188","post","type-post","status-publish","format-standard","has-post-thumbnail","hentry","category-proyectos"],"acf":[],"_links":{"self":[{"href":"https:\/\/profesionalesdanza.com\/es\/wp-json\/wp\/v2\/posts\/8188","targetHints":{"allow":["GET"]}}],"collection":[{"href":"https:\/\/profesionalesdanza.com\/es\/wp-json\/wp\/v2\/posts"}],"about":[{"href":"https:\/\/profesionalesdanza.com\/es\/wp-json\/wp\/v2\/types\/post"}],"author":[{"embeddable":true,"href":"https:\/\/profesionalesdanza.com\/es\/wp-json\/wp\/v2\/users\/351"}],"replies":[{"embeddable":true,"href":"https:\/\/profesionalesdanza.com\/es\/wp-json\/wp\/v2\/comments?post=8188"}],"version-history":[{"count":3,"href":"https:\/\/profesionalesdanza.com\/es\/wp-json\/wp\/v2\/posts\/8188\/revisions"}],"predecessor-version":[{"id":8193,"href":"https:\/\/profesionalesdanza.com\/es\/wp-json\/wp\/v2\/posts\/8188\/revisions\/8193"}],"wp:featuredmedia":[{"embeddable":true,"href":"https:\/\/profesionalesdanza.com\/es\/wp-json\/wp\/v2\/media\/8190"}],"wp:attachment":[{"href":"https:\/\/profesionalesdanza.com\/es\/wp-json\/wp\/v2\/media?parent=8188"}],"wp:term":[{"taxonomy":"category","embeddable":true,"href":"https:\/\/profesionalesdanza.com\/es\/wp-json\/wp\/v2\/categories?post=8188"},{"taxonomy":"post_tag","embeddable":true,"href":"https:\/\/profesionalesdanza.com\/es\/wp-json\/wp\/v2\/tags?post=8188"}],"curies":[{"name":"wp","href":"https:\/\/api.w.org\/{rel}","templated":true}]}}