{"id":13044,"date":"2026-04-30T14:54:33","date_gmt":"2026-04-30T12:54:33","guid":{"rendered":"https:\/\/profesionalesdanza.com\/?p=13044"},"modified":"2026-04-30T14:54:33","modified_gmt":"2026-04-30T12:54:33","slug":"abierta-convocatoria-arrelant-dansa-2026","status":"publish","type":"post","link":"https:\/\/profesionalesdanza.com\/es\/abierta-convocatoria-arrelant-dansa-2026\/","title":{"rendered":"ABIERTA CONVOCATORIA ARRELANT DANSA 2026"},"content":{"rendered":"<h1 style=\"text-align: center;\"><b>ABIERTA CONVOCATORIA ARRELANT DANSA 2026<\/b><\/h1>\n<h6 style=\"text-align: center;\"><img loading=\"lazy\" decoding=\"async\" class=\"alignnone size-medium wp-image-13040\" src=\"https:\/\/profesionalesdanza.com\/wp-content\/uploads\/2026\/04\/WhatsApp-Image-2026-04-29-at-11.06.14-1-240x300.jpeg\" alt=\"\" width=\"240\" height=\"300\" \/><\/h6>\n<p style=\"text-align: center;\"><a href=\"https:\/\/drive.google.com\/file\/d\/1Y0bnhPCt6U3PZzChnSXtcQVdPs2W6FiB\/view?usp=sharing\" target=\"_blank\" rel=\"noopener\">Bases en PDF<\/a><\/p>\n<p>APDCV impulsa una nueva edici\u00f3n de Arraigando Danza, un proyecto de residencias art\u00edsticas en entornos rurales de la provincia de Val\u00e8ncia que conecta creaci\u00f3n contempor\u00e1nea, territorio y comunidad.<\/p>\n<p>Cu\u00e1ndo? Del 1 al 7 de junio de 2026<\/p>\n<p>Qu\u00e9 es?<br \/>\nTres residencias en municipios de la Baron\u00eda donde artistas desarrollar\u00e1n piezas site-specific vinculadas al patrimonio y a la memoria colectiva, con muestras abiertas y actividades con la comunidad.<\/p>\n<p>A qui\u00e9n va dirigido?<br \/>\nProfesionales de la danza y artes performativas socias de la APDCV (individual o d\u00fao) con inter\u00e9s en el di\u00e1logo con el entorno rural.<\/p>\n<ul>\n<li>Qu\u00e9 ofrecemos?<br \/>\nAlojamiento<br \/>\nAcompa\u00f1amiento art\u00edstico de la mano del comisariado de Huerto Arte<br \/>\nApoyo log\u00edstico<br \/>\nRemuneraci\u00f3n de 1300 \u20ac impuestos incluidos<\/li>\n<\/ul>\n<p>&nbsp;<\/p>\n<ul>\n<li>Requisitos y compromisos<br \/>\nDisponibilidad completa durante toda la residencia<br \/>\nRealizaci\u00f3n de un taller o actividad con la comunidad<br \/>\nPresentaci\u00f3n de una muestra abierta final<br \/>\nCapacidad de facturaci\u00f3n y alta durante el periodo de residencia<br \/>\nAceptaci\u00f3n del acompa\u00f1amiento art\u00edstico<br \/>\nEntrega de una memoria final (m\u00e1ximo 2 meses despu\u00e9s)<br \/>\nInclusi\u00f3n de APDCV en materiales de difusi\u00f3n<br \/>\nAutorizaci\u00f3n de uso de im\u00e1genes y registro audiovisual<\/li>\n<\/ul>\n<p>&nbsp;<\/p>\n<p>Como participar?<br \/>\nLlena el formulario con tu propuesta art\u00edstica antes del 15 de mayo de 2026 (23:59h). <a href=\"https:\/\/forms.gle\/BbJSmx4k4HKnrant8\" target=\"_blank\" rel=\"noopener\">https:\/\/forms.gle\/BbJSmx4k4HKnrant8<\/a><\/p>\n","protected":false},"excerpt":{"rendered":"<p>ABIERTA CONVOCATORIA ARRELANT DANSA 2026 Bases en PDF APDCV impulsa una nueva edici\u00f3n de Arraigando Danza, un proyecto de residencias art\u00edsticas en entornos rurales de la provincia de Val\u00e8ncia que [&hellip;]<\/p>\n","protected":false},"author":351,"featured_media":13040,"comment_status":"closed","ping_status":"closed","sticky":false,"template":"","format":"standard","meta":{"_acf_changed":false,"_et_pb_use_builder":"","_et_pb_old_content":"","_et_gb_content_width":"","footnotes":""},"categories":[95,165],"tags":[],"class_list":["post-13044","post","type-post","status-publish","format-standard","has-post-thumbnail","hentry","category-contenido-socios","category-corredor-de-danza-del-mediterraneo"],"acf":[],"_links":{"self":[{"href":"https:\/\/profesionalesdanza.com\/es\/wp-json\/wp\/v2\/posts\/13044","targetHints":{"allow":["GET"]}}],"collection":[{"href":"https:\/\/profesionalesdanza.com\/es\/wp-json\/wp\/v2\/posts"}],"about":[{"href":"https:\/\/profesionalesdanza.com\/es\/wp-json\/wp\/v2\/types\/post"}],"author":[{"embeddable":true,"href":"https:\/\/profesionalesdanza.com\/es\/wp-json\/wp\/v2\/users\/351"}],"replies":[{"embeddable":true,"href":"https:\/\/profesionalesdanza.com\/es\/wp-json\/wp\/v2\/comments?post=13044"}],"version-history":[{"count":1,"href":"https:\/\/profesionalesdanza.com\/es\/wp-json\/wp\/v2\/posts\/13044\/revisions"}],"predecessor-version":[{"id":13045,"href":"https:\/\/profesionalesdanza.com\/es\/wp-json\/wp\/v2\/posts\/13044\/revisions\/13045"}],"wp:featuredmedia":[{"embeddable":true,"href":"https:\/\/profesionalesdanza.com\/es\/wp-json\/wp\/v2\/media\/13040"}],"wp:attachment":[{"href":"https:\/\/profesionalesdanza.com\/es\/wp-json\/wp\/v2\/media?parent=13044"}],"wp:term":[{"taxonomy":"category","embeddable":true,"href":"https:\/\/profesionalesdanza.com\/es\/wp-json\/wp\/v2\/categories?post=13044"},{"taxonomy":"post_tag","embeddable":true,"href":"https:\/\/profesionalesdanza.com\/es\/wp-json\/wp\/v2\/tags?post=13044"}],"curies":[{"name":"wp","href":"https:\/\/api.w.org\/{rel}","templated":true}]}}