{"id":10952,"global_id":"profesionalesdanza.com\/es\/?id=10952","global_id_lineage":["profesionalesdanza.com\/es\/?id=10952"],"author":"1","status":"publish","date":"2023-12-05 07:19:56","date_utc":"2023-12-05 06:19:56","modified":"2023-12-05 07:19:56","modified_utc":"2023-12-05 06:19:56","url":"https:\/\/profesionalesdanza.com\/es\/evento-danza-valencia\/cursillo-navidad-danza-clasica-con-eila-valls\/","rest_url":"https:\/\/profesionalesdanza.com\/es\/wp-json\/tribe\/events\/v1\/events\/10952","title":"Cursillo Navidad: Danza Cl\u00e1sica con Eila Valls","description":"<h2>Botanic Espai de Dansa<\/h2>\n<p>Taller impartido por Eila Valls, bailarina y docente, graduada en danza cl\u00e1sica en el RCPD Mariemma en Madrid, con m\u00e1s de 10 a\u00f1os de experiencia profesional en compa\u00f1\u00edas de repertorio estadounidenses y espa\u00f1olas. Actualmente cursando la carrera de pedagog\u00eda en danza cl\u00e1sica en el Conservatorio Superior de Danza de Valencia y bailando en la compa\u00f1\u00eda OtraDanza.<\/p>\n<p>En este curso con esp\u00edritu navide\u00f1o, abordaremos la t\u00e9cnica desde su lado m\u00e1s funcional. Cada cuerpo es diferente y aunque la parte est\u00e9tica es fundamental en esta disciplina es importante cultivar herramientas propias que nos permitan sacarle el m\u00e1ximo rendimiento a nuestro cuerpo. Conocer nuestras caracter\u00edsticas personales es imprescindible para llevar a cabo una carrera profesional longeva y exitosa.<\/p>\n<p>Por otro lado trabajaremos la expresividad y el car\u00e1cter durante la clase y a trav\u00e9s de repertorio espec\u00edfico que nos ayude a desarrollar nuestra identidad art\u00edstica.<\/p>\n<p><strong>Del 26 al 28 de diciembre<\/strong><\/p>\n<h2><strong>Reservas \u2013&gt; 616 124 087<\/strong><\/h2>","excerpt":"","slug":"cursillo-navidad-danza-clasica-con-eila-valls","image":{"url":"https:\/\/profesionalesdanza.com\/wp-content\/uploads\/2023\/12\/WhatsApp-Image-2023-12-04-at-11.43.13-1.jpeg","id":10953,"extension":"jpeg","width":1772,"height":1618,"filesize":194825,"sizes":{"medium":{"width":300,"height":274,"mime-type":"image\/jpeg","filesize":17026,"url":"https:\/\/profesionalesdanza.com\/wp-content\/uploads\/2023\/12\/WhatsApp-Image-2023-12-04-at-11.43.13-1-300x274.jpeg"},"large":{"width":1024,"height":935,"mime-type":"image\/jpeg","filesize":105253,"url":"https:\/\/profesionalesdanza.com\/wp-content\/uploads\/2023\/12\/WhatsApp-Image-2023-12-04-at-11.43.13-1-1024x935.jpeg"},"thumbnail":{"width":150,"height":150,"mime-type":"image\/jpeg","filesize":6375,"url":"https:\/\/profesionalesdanza.com\/wp-content\/uploads\/2023\/12\/WhatsApp-Image-2023-12-04-at-11.43.13-1-150x150.jpeg"},"medium_large":{"width":768,"height":701,"mime-type":"image\/jpeg","filesize":68626,"url":"https:\/\/profesionalesdanza.com\/wp-content\/uploads\/2023\/12\/WhatsApp-Image-2023-12-04-at-11.43.13-1-768x701.jpeg"},"thumblist":{"width":300,"height":300,"mime-type":"image\/jpeg","filesize":18644,"url":"https:\/\/profesionalesdanza.com\/wp-content\/uploads\/2023\/12\/WhatsApp-Image-2023-12-04-at-11.43.13-1-300x300.jpeg"},"meccarouselthumb":{"width":474,"height":324,"mime-type":"image\/jpeg","filesize":23735,"url":"https:\/\/profesionalesdanza.com\/wp-content\/uploads\/2023\/12\/WhatsApp-Image-2023-12-04-at-11.43.13-1-474x324.jpeg"},"gridsquare":{"width":391,"height":260,"mime-type":"image\/jpeg","filesize":16454,"url":"https:\/\/profesionalesdanza.com\/wp-content\/uploads\/2023\/12\/WhatsApp-Image-2023-12-04-at-11.43.13-1-391x260.jpeg"},"tileview":{"width":300,"height":400,"mime-type":"image\/jpeg","filesize":23635,"url":"https:\/\/profesionalesdanza.com\/wp-content\/uploads\/2023\/12\/WhatsApp-Image-2023-12-04-at-11.43.13-1-300x400.jpeg"},"1536x1536":{"width":1536,"height":1403,"mime-type":"image\/jpeg","filesize":182229,"url":"https:\/\/profesionalesdanza.com\/wp-content\/uploads\/2023\/12\/WhatsApp-Image-2023-12-04-at-11.43.13-1-1536x1403.jpeg"},"et-pb-post-main-image":{"width":400,"height":250,"mime-type":"image\/jpeg","filesize":15393,"url":"https:\/\/profesionalesdanza.com\/wp-content\/uploads\/2023\/12\/WhatsApp-Image-2023-12-04-at-11.43.13-1-400x250.jpeg"},"et-pb-post-main-image-fullwidth":{"width":1080,"height":675,"mime-type":"image\/jpeg","filesize":70522,"url":"https:\/\/profesionalesdanza.com\/wp-content\/uploads\/2023\/12\/WhatsApp-Image-2023-12-04-at-11.43.13-1-1080x675.jpeg"},"et-pb-portfolio-image":{"width":400,"height":284,"mime-type":"image\/jpeg","filesize":18637,"url":"https:\/\/profesionalesdanza.com\/wp-content\/uploads\/2023\/12\/WhatsApp-Image-2023-12-04-at-11.43.13-1-400x284.jpeg"},"et-pb-portfolio-module-image":{"width":510,"height":382,"mime-type":"image\/jpeg","filesize":27809,"url":"https:\/\/profesionalesdanza.com\/wp-content\/uploads\/2023\/12\/WhatsApp-Image-2023-12-04-at-11.43.13-1-510x382.jpeg"},"et-pb-portfolio-image-single":{"width":1080,"height":986,"mime-type":"image\/jpeg","filesize":111627,"url":"https:\/\/profesionalesdanza.com\/wp-content\/uploads\/2023\/12\/WhatsApp-Image-2023-12-04-at-11.43.13-1-1080x986.jpeg"},"et-pb-gallery-module-image-portrait":{"width":400,"height":516,"mime-type":"image\/jpeg","filesize":35092,"url":"https:\/\/profesionalesdanza.com\/wp-content\/uploads\/2023\/12\/WhatsApp-Image-2023-12-04-at-11.43.13-1-400x516.jpeg"},"et-pb-image--responsive--desktop":{"width":1280,"height":1169,"mime-type":"image\/jpeg","filesize":143197,"url":"https:\/\/profesionalesdanza.com\/wp-content\/uploads\/2023\/12\/WhatsApp-Image-2023-12-04-at-11.43.13-1-1280x1169.jpeg"},"et-pb-image--responsive--tablet":{"width":980,"height":895,"mime-type":"image\/jpeg","filesize":99929,"url":"https:\/\/profesionalesdanza.com\/wp-content\/uploads\/2023\/12\/WhatsApp-Image-2023-12-04-at-11.43.13-1-980x895.jpeg"},"et-pb-image--responsive--phone":{"width":480,"height":438,"mime-type":"image\/jpeg","filesize":34991,"url":"https:\/\/profesionalesdanza.com\/wp-content\/uploads\/2023\/12\/WhatsApp-Image-2023-12-04-at-11.43.13-1-480x438.jpeg"},"cmplz_banner_image":{"width":350,"height":100,"mime-type":"image\/jpeg","filesize":6609,"url":"https:\/\/profesionalesdanza.com\/wp-content\/uploads\/2023\/12\/WhatsApp-Image-2023-12-04-at-11.43.13-1-350x100.jpeg"}}},"all_day":false,"start_date":"2023-12-26 08:00:00","start_date_details":{"year":"2023","month":"12","day":"26","hour":"08","minutes":"00","seconds":"00"},"end_date":"2023-12-28 17:00:00","end_date_details":{"year":"2023","month":"12","day":"28","hour":"17","minutes":"00","seconds":"00"},"utc_start_date":"2023-12-26 07:00:00","utc_start_date_details":{"year":"2023","month":"12","day":"26","hour":"07","minutes":"00","seconds":"00"},"utc_end_date":"2023-12-28 16:00:00","utc_end_date_details":{"year":"2023","month":"12","day":"28","hour":"16","minutes":"00","seconds":"00"},"timezone":"Europe\/Madrid","timezone_abbr":"CET","cost":"","cost_details":{"currency_symbol":"","currency_code":"","currency_position":"prefix","values":[]},"website":"","show_map":true,"show_map_link":true,"hide_from_listings":false,"sticky":false,"featured":false,"categories":[{"name":"formaci\u00f3","slug":"formacio","term_group":0,"term_taxonomy_id":92,"taxonomy":"tribe_events_cat","description":"","parent":0,"count":139,"filter":"raw","id":92,"urls":{"self":"https:\/\/profesionalesdanza.com\/es\/wp-json\/tribe\/events\/v1\/categories\/92","collection":"https:\/\/profesionalesdanza.com\/es\/wp-json\/tribe\/events\/v1\/categories"}}],"tags":[],"venue":{"id":7826,"author":"351","status":"publish","date":"2021-07-01 14:14:56","date_utc":"2021-07-01 12:14:56","modified":"2021-07-01 14:14:56","modified_utc":"2021-07-01 12:14:56","url":"https:\/\/profesionalesdanza.com\/local\/botanic\/","venue":"BOTANIC","slug":"botanic","address":"Carrer del T\u00faria, 65, 46008 Val\u00e8ncia, Valencia","city":"VALENCIA","country":"Espanya","province":"VALENCIA","zip":"46008","phone":"963 91 70 48","website":"http:\/\/www.botanicespaidedansa.com\/","stateprovince":"VALENCIA","json_ld":{"@type":"Place","name":"BOTANIC","description":"","url":"","address":{"@type":"PostalAddress","streetAddress":"Carrer del T\u00faria, 65, 46008 Val\u00e8ncia, Valencia","addressLocality":"VALENCIA","addressRegion":"VALENCIA","postalCode":"46008","addressCountry":"Espanya"},"telephone":"963 91 70 48","sameAs":"http:\/\/www.botanicespaidedansa.com\/"},"show_map":true,"show_map_link":true,"global_id":"profesionalesdanza.com\/es\/?id=7826","global_id_lineage":["profesionalesdanza.com\/es\/?id=7826"]},"organizer":[],"json_ld":{"@context":"http:\/\/schema.org","@type":"Event","name":"Cursillo Navidad: Danza Cl\u00e1sica con Eila Valls","description":"&lt;p&gt;Botanic Espai de Dansa Taller impartido por Eila Valls, bailarina y docente, graduada en danza cl\u00e1sica en el RCPD Mariemma en Madrid, con m\u00e1s de 10 a\u00f1os de experiencia profesional [&hellip;]&lt;\/p&gt;\\n","image":"https:\/\/profesionalesdanza.com\/wp-content\/uploads\/2023\/12\/WhatsApp-Image-2023-12-04-at-11.43.13-1.jpeg","url":"https:\/\/profesionalesdanza.com\/es\/evento-danza-valencia\/cursillo-navidad-danza-clasica-con-eila-valls\/","eventAttendanceMode":"https:\/\/schema.org\/OfflineEventAttendanceMode","startDate":"2023-12-26T08:00:00+01:00","endDate":"2023-12-28T17:00:00+01:00","location":{"@type":"Place","name":"BOTANIC","description":"","url":"","address":{"@type":"PostalAddress","streetAddress":"Carrer del T\u00faria, 65, 46008 Val\u00e8ncia, Valencia","addressLocality":"VALENCIA","addressRegion":"VALENCIA","postalCode":"46008","addressCountry":"Espanya"},"telephone":"963 91 70 48","sameAs":"http:\/\/www.botanicespaidedansa.com\/"},"performer":"Organization"}}